{"id":1300,"date":"2018-04-23T10:28:19","date_gmt":"2018-04-23T10:28:19","guid":{"rendered":"https:\/\/academiaimecat.es\/?p=1300"},"modified":"2026-06-15T14:48:39","modified_gmt":"2026-06-15T14:48:39","slug":"som-centre-learning-partner","status":"publish","type":"post","link":"https:\/\/academiaimecat.es\/ca\/somos-centro-learning-partner\/","title":{"rendered":"SOM CENTRE LEARNING PARTNER!"},"content":{"rendered":"<p>Ens fa especial il\u00b7lusi\u00f3 comunicar-vos que despr\u00e9s d&#039;un llarg seguiment de la prestigiosa&nbsp;<strong>Universitat de Cambridge<\/strong>&nbsp;cap al nostre centre i poder veure i constatar els resultats acad\u00e8mics i metodologia, ens han atorgat ser membres del programa&nbsp;<strong>Cambridge Learning Partner<\/strong>. A la imatge, Judit Gonz\u00e1lez en representaci\u00f3 de Cambridge University Press fent-nos entrega de la placa com a certificat acreditatiu.<\/p>\n\n\n\n<p>Estem molt contents ja que&nbsp;<strong>\u00fanicament 9 acad\u00e8mies d&#039;idiomes al Baix Llobregat<\/strong>&nbsp;compleixen els rigorosos requisits i poden comptar amb aquesta distinci\u00f3. Aquesta alian\u00e7a ens atorga nombroses&nbsp;<strong>avantatges<\/strong>&nbsp;tant per al centre com per a lalumnat.<\/p>\n\n\n\n<ul class=\"wp-block-list\">\n<li>Materials d&#039;ensenyament exclusius<\/li>\n\n\n\n<li>Formaci\u00f3 constant del professorat<\/li>\n\n\n\n<li>Invitaci\u00f3 preferent als esdeveniments o jornades de formaci\u00f3 de Cambridge University Press<\/li>\n\n\n\n<li>Suport a la preparaci\u00f3 de titulacions oficials<\/li>\n\n\n\n<li>Projecte educatiu que eleva la compet\u00e8ncia ling\u00fc\u00edstica alhora que contribueix al desenvolupament de les compet\u00e8ncies emocionals i&nbsp;<em>life skills<\/em>.<\/li>\n<\/ul>\n\n\n\n<p>A m\u00e9s, des de fa molt\u00edssims anys tamb\u00e9 comptem amb l&#039;acreditaci\u00f3 de&nbsp;<strong>Centre Preparador&nbsp;<\/strong>per la Universitat de Cambridge, aix\u00ed preparem i matriculem els nostres alumnes als ex\u00e0mens oficials des que s\u00f3n petits fins al nivell m\u00e9s avan\u00e7at.<\/p>","protected":false},"excerpt":{"rendered":"<p>Nos hace especial ilusi\u00f3n comunicaros que tras un largo seguimiento de la prestigiosa&nbsp;Universidad de Cambridge&nbsp;hacia nuestro centro y poder ver y constatar los resultados acad\u00e9micos y metodolog\u00eda, nos han otorgado ser miembros del programa&nbsp;Cambridge Learning Partner. En la imagen, Judit Gonz\u00e1lez en representaci\u00f3n de Cambridge University Press haci\u00e9ndonos entrega de la placa como certificado acreditativo. [&hellip;]<\/p>\n","protected":false},"author":3,"featured_media":1301,"comment_status":"open","ping_status":"open","sticky":false,"template":"","format":"standard","meta":{"footnotes":""},"categories":[10],"tags":[],"class_list":["post-1300","post","type-post","status-publish","format-standard","has-post-thumbnail","hentry","category-noticias"],"_links":{"self":[{"href":"https:\/\/academiaimecat.es\/ca\/wp-json\/wp\/v2\/posts\/1300","targetHints":{"allow":["GET"]}}],"collection":[{"href":"https:\/\/academiaimecat.es\/ca\/wp-json\/wp\/v2\/posts"}],"about":[{"href":"https:\/\/academiaimecat.es\/ca\/wp-json\/wp\/v2\/types\/post"}],"author":[{"embeddable":true,"href":"https:\/\/academiaimecat.es\/ca\/wp-json\/wp\/v2\/users\/3"}],"replies":[{"embeddable":true,"href":"https:\/\/academiaimecat.es\/ca\/wp-json\/wp\/v2\/comments?post=1300"}],"version-history":[{"count":1,"href":"https:\/\/academiaimecat.es\/ca\/wp-json\/wp\/v2\/posts\/1300\/revisions"}],"predecessor-version":[{"id":1302,"href":"https:\/\/academiaimecat.es\/ca\/wp-json\/wp\/v2\/posts\/1300\/revisions\/1302"}],"wp:featuredmedia":[{"embeddable":true,"href":"https:\/\/academiaimecat.es\/ca\/wp-json\/wp\/v2\/media\/1301"}],"wp:attachment":[{"href":"https:\/\/academiaimecat.es\/ca\/wp-json\/wp\/v2\/media?parent=1300"}],"wp:term":[{"taxonomy":"category","embeddable":true,"href":"https:\/\/academiaimecat.es\/ca\/wp-json\/wp\/v2\/categories?post=1300"},{"taxonomy":"post_tag","embeddable":true,"href":"https:\/\/academiaimecat.es\/ca\/wp-json\/wp\/v2\/tags?post=1300"}],"curies":[{"name":"wp","href":"https:\/\/api.w.org\/{rel}","templated":true}]}}