{"id":852,"date":"2021-04-21T09:42:01","date_gmt":"2021-04-21T09:42:01","guid":{"rendered":"https:\/\/academiaimecat.es\/?p=852"},"modified":"2026-06-15T14:49:30","modified_gmt":"2026-06-15T14:49:30","slug":"cursos-intensius-2021","status":"publish","type":"post","link":"https:\/\/academiaimecat.es\/ca\/cursos-intensivos-2021\/","title":{"rendered":"CURSOS INTENSIUS 2021"},"content":{"rendered":"<p>Ja s\u00f3n aqu\u00ed un any m\u00e9s els nostres cursos intensius que tant us agraden!<br>Cursos a<strong>&nbsp;juny i juliol&nbsp;<\/strong>en horari de&nbsp;<strong>matins<\/strong>.<\/p>\n\n\n\n<p><strong>REFOR\u00c7 ESCOLAR \u2013 ANGL\u00c8S \u2013 PREPARACI\u00d3 EX\u00c0MENS OFICIALS<\/strong><br><br><strong>Pregunta&#039;ns!<\/strong><\/p>","protected":false},"excerpt":{"rendered":"<p>Ja s\u00f3n aqu\u00ed un any m\u00e9s els nostres cursos intensius que tant us agraden! Cursos al juny i juliol en horari de matins. REFOR\u00c7 ESCOLAR \u2013 ANGL\u00c8S \u2013 PREPARACI\u00d3 EX\u00c0MENS OFICIALS Pregunta&#039;ns!<\/p>","protected":false},"author":3,"featured_media":854,"comment_status":"open","ping_status":"open","sticky":false,"template":"","format":"standard","meta":{"footnotes":""},"categories":[10],"tags":[],"class_list":["post-852","post","type-post","status-publish","format-standard","has-post-thumbnail","hentry","category-noticias"],"_links":{"self":[{"href":"https:\/\/academiaimecat.es\/ca\/wp-json\/wp\/v2\/posts\/852","targetHints":{"allow":["GET"]}}],"collection":[{"href":"https:\/\/academiaimecat.es\/ca\/wp-json\/wp\/v2\/posts"}],"about":[{"href":"https:\/\/academiaimecat.es\/ca\/wp-json\/wp\/v2\/types\/post"}],"author":[{"embeddable":true,"href":"https:\/\/academiaimecat.es\/ca\/wp-json\/wp\/v2\/users\/3"}],"replies":[{"embeddable":true,"href":"https:\/\/academiaimecat.es\/ca\/wp-json\/wp\/v2\/comments?post=852"}],"version-history":[{"count":2,"href":"https:\/\/academiaimecat.es\/ca\/wp-json\/wp\/v2\/posts\/852\/revisions"}],"predecessor-version":[{"id":855,"href":"https:\/\/academiaimecat.es\/ca\/wp-json\/wp\/v2\/posts\/852\/revisions\/855"}],"wp:featuredmedia":[{"embeddable":true,"href":"https:\/\/academiaimecat.es\/ca\/wp-json\/wp\/v2\/media\/854"}],"wp:attachment":[{"href":"https:\/\/academiaimecat.es\/ca\/wp-json\/wp\/v2\/media?parent=852"}],"wp:term":[{"taxonomy":"category","embeddable":true,"href":"https:\/\/academiaimecat.es\/ca\/wp-json\/wp\/v2\/categories?post=852"},{"taxonomy":"post_tag","embeddable":true,"href":"https:\/\/academiaimecat.es\/ca\/wp-json\/wp\/v2\/tags?post=852"}],"curies":[{"name":"wp","href":"https:\/\/api.w.org\/{rel}","templated":true}]}}