{"id":863,"date":"2019-05-10T09:44:58","date_gmt":"2019-05-10T09:44:58","guid":{"rendered":"https:\/\/academiaimecat.es\/?p=863"},"modified":"2026-06-15T14:49:12","modified_gmt":"2026-06-15T14:49:12","slug":"gracies-sant-andreu","status":"publish","type":"post","link":"https:\/\/academiaimecat.es\/ca\/gracias-sant-andreu\/","title":{"rendered":"GR\u00c0CIES SANT ANDREU!!"},"content":{"rendered":"<p>Imecat, a la seva&nbsp;<strong>40\u00e8 aniversari<\/strong>, rep la&nbsp;<strong>medalla al m\u00e8rit empresarial&nbsp;<\/strong>en reconeixement a la seva llarga traject\u00f2ria professional al sector de l&#039;ensenyament i serveis inform\u00e0tics.<\/p>\n\n\n\n<p>Des d\u00b4aquesta petita entrada donem&nbsp;<strong>gr\u00e0cies<\/strong>&nbsp;a tot l&#039;equip professional, a clients, al poble ia totes les persones que han confiat en nosaltres, que fan possible que cada dia afrontem amb il\u00b7lusi\u00f3 i dedicaci\u00f3 nous reptes i que l&#039;esfor\u00e7 i el treball constant valgui la pena. GR\u00c0CIES!<\/p>","protected":false},"excerpt":{"rendered":"<p>Imecat, en su&nbsp;40\u00ba aniversario, recibe la&nbsp;medalla al m\u00e9rito empresarial&nbsp;en reconocimiento a su larga trayectoria profesional en el sector de la ense\u00f1anza y servicios inform\u00e1ticos. Desde esta peque\u00f1a entrada damos&nbsp;gracias&nbsp;a todo el equipo profesional, a clientes, al pueblo y a todas las personas que han confiado en nosotros, que hacen posible que cada d\u00eda afrontemos con [&hellip;]<\/p>\n","protected":false},"author":3,"featured_media":864,"comment_status":"open","ping_status":"open","sticky":false,"template":"","format":"standard","meta":{"footnotes":""},"categories":[10],"tags":[],"class_list":["post-863","post","type-post","status-publish","format-standard","has-post-thumbnail","hentry","category-noticias"],"_links":{"self":[{"href":"https:\/\/academiaimecat.es\/ca\/wp-json\/wp\/v2\/posts\/863","targetHints":{"allow":["GET"]}}],"collection":[{"href":"https:\/\/academiaimecat.es\/ca\/wp-json\/wp\/v2\/posts"}],"about":[{"href":"https:\/\/academiaimecat.es\/ca\/wp-json\/wp\/v2\/types\/post"}],"author":[{"embeddable":true,"href":"https:\/\/academiaimecat.es\/ca\/wp-json\/wp\/v2\/users\/3"}],"replies":[{"embeddable":true,"href":"https:\/\/academiaimecat.es\/ca\/wp-json\/wp\/v2\/comments?post=863"}],"version-history":[{"count":1,"href":"https:\/\/academiaimecat.es\/ca\/wp-json\/wp\/v2\/posts\/863\/revisions"}],"predecessor-version":[{"id":865,"href":"https:\/\/academiaimecat.es\/ca\/wp-json\/wp\/v2\/posts\/863\/revisions\/865"}],"wp:featuredmedia":[{"embeddable":true,"href":"https:\/\/academiaimecat.es\/ca\/wp-json\/wp\/v2\/media\/864"}],"wp:attachment":[{"href":"https:\/\/academiaimecat.es\/ca\/wp-json\/wp\/v2\/media?parent=863"}],"wp:term":[{"taxonomy":"category","embeddable":true,"href":"https:\/\/academiaimecat.es\/ca\/wp-json\/wp\/v2\/categories?post=863"},{"taxonomy":"post_tag","embeddable":true,"href":"https:\/\/academiaimecat.es\/ca\/wp-json\/wp\/v2\/tags?post=863"}],"curies":[{"name":"wp","href":"https:\/\/api.w.org\/{rel}","templated":true}]}}