{"id":2766,"date":"2025-06-03T19:07:00","date_gmt":"2025-06-03T19:07:00","guid":{"rendered":"https:\/\/academiaimecat.es\/?p=2766"},"modified":"2026-07-30T19:09:15","modified_gmt":"2026-07-30T19:09:15","slug":"cambridge-exams-2025","status":"publish","type":"post","link":"https:\/\/academiaimecat.es\/en\/yle-cambridge-exams-2025\/","title":{"rendered":"YLE CAMBRIDGE EXAMS 2025"},"content":{"rendered":"<p>Dissabte passat, some of our nostres <em>Young Learners<\/em> They are going to face the official Cambridge exams. There will be nerves, of course, but above all many dreams, illusion and desire to gain experience. Be proud of them. \u2764\ufe0f<\/p>\n\n\n\n<p>It is incredible to see how, feeling so small, face an official exam with so much confidence, courage and enthusiasm. Furthermore, the Cambridge examiners will connect both of them very well from the beginning with a proper and encouraging tract. \ud83d\udcaa\ud83e\udde0<\/p>\n\n\n\n<p>These proves motivate people to learn English through everyday situations, and they all receive a certificate that celebrates their successes. \ud83c\udfc5<\/p>\n\n\n\n<p>\ud83c\udfaf The greatest? They are happy, proud and eager to continue learning.<\/p>\n\n\n\n<p><\/p>","protected":false},"excerpt":{"rendered":"<p>Dissabte passat, alguns dels nostres Young Learners es van enfrontar als ex\u00e0mens oficials de Cambridge. Hi va haver nervis, esclar, per\u00f2 sobretot molts somriures, il\u00b7lusi\u00f3 i ganes de gaudir de l&#8217;experi\u00e8ncia. Estem ben orgullosos d&#8217;ells. \u2764\ufe0f \u00c9s incre\u00efble veure com, sent tan petits, afronten un examen oficial amb tanta seguretat, valentia i entusiasme. A m\u00e9s, [&hellip;]<\/p>\n","protected":false},"author":7,"featured_media":2767,"comment_status":"open","ping_status":"open","sticky":false,"template":"","format":"standard","meta":{"footnotes":""},"categories":[10],"tags":[],"class_list":["post-2766","post","type-post","status-publish","format-standard","has-post-thumbnail","hentry","category-noticias"],"_links":{"self":[{"href":"https:\/\/academiaimecat.es\/en\/wp-json\/wp\/v2\/posts\/2766","targetHints":{"allow":["GET"]}}],"collection":[{"href":"https:\/\/academiaimecat.es\/en\/wp-json\/wp\/v2\/posts"}],"about":[{"href":"https:\/\/academiaimecat.es\/en\/wp-json\/wp\/v2\/types\/post"}],"author":[{"embeddable":true,"href":"https:\/\/academiaimecat.es\/en\/wp-json\/wp\/v2\/users\/7"}],"replies":[{"embeddable":true,"href":"https:\/\/academiaimecat.es\/en\/wp-json\/wp\/v2\/comments?post=2766"}],"version-history":[{"count":1,"href":"https:\/\/academiaimecat.es\/en\/wp-json\/wp\/v2\/posts\/2766\/revisions"}],"predecessor-version":[{"id":2768,"href":"https:\/\/academiaimecat.es\/en\/wp-json\/wp\/v2\/posts\/2766\/revisions\/2768"}],"wp:featuredmedia":[{"embeddable":true,"href":"https:\/\/academiaimecat.es\/en\/wp-json\/wp\/v2\/media\/2767"}],"wp:attachment":[{"href":"https:\/\/academiaimecat.es\/en\/wp-json\/wp\/v2\/media?parent=2766"}],"wp:term":[{"taxonomy":"category","embeddable":true,"href":"https:\/\/academiaimecat.es\/en\/wp-json\/wp\/v2\/categories?post=2766"},{"taxonomy":"post_tag","embeddable":true,"href":"https:\/\/academiaimecat.es\/en\/wp-json\/wp\/v2\/tags?post=2766"}],"curies":[{"name":"wp","href":"https:\/\/api.w.org\/{rel}","templated":true}]}}