{"id":2790,"date":"2026-06-26T20:14:00","date_gmt":"2026-06-26T20:14:00","guid":{"rendered":"https:\/\/academiaimecat.es\/?p=2790"},"modified":"2026-08-01T20:17:32","modified_gmt":"2026-08-01T20:17:32","slug":"trip-to-bournemouth-2026","status":"publish","type":"post","link":"https:\/\/academiaimecat.es\/en\/trip-to-bournemouth-2026\/","title":{"rendered":"TRIP TO BOURNEMOUTH 2026"},"content":{"rendered":"<p>One of these is another of the great adventures of the course: the linguistic immersion trip to Bournemouth! \ud83c\udf0a\ud83c\uddec\ud83c\udde7<\/p>\n\n\n\n<p>During these days, the students have combined English classes with a variety of activities along the coast, discovering new attractions of the city and testing everyone they have attended class in real situations.<\/p>\n\n\n\n<p>They love seeing with their effort, with their ability to speak the language and, above all, the illusion with which they experience each excursion and moment shared with the companies. \ud83c\udf92\u2728<\/p>\n\n\n\n<p>An unforgettable experience to complete the course in the best way possible! \u2764\ufe0f\ud83d\udcda<\/p>","protected":false},"excerpt":{"rendered":"<p>Fa uns dies vam viure una altra de les grans aventures del curs: \u00a1el viatge d&#8217;immersi\u00f3 ling\u00fc\u00edstica a Bournemouth! \ud83c\udf0a\ud83c\uddec\ud83c\udde7 Durant aquests dies, els alumnes han combinat les classes d&#8217;angl\u00e8s amb un munt d&#8217;activitats per la costa, descobrint racons nous de la ciutat i posant a prova tot el que han apr\u00e8s a classe en [&hellip;]<\/p>\n","protected":false},"author":7,"featured_media":2792,"comment_status":"open","ping_status":"open","sticky":false,"template":"","format":"standard","meta":{"footnotes":""},"categories":[10],"tags":[],"class_list":["post-2790","post","type-post","status-publish","format-standard","has-post-thumbnail","hentry","category-noticias"],"_links":{"self":[{"href":"https:\/\/academiaimecat.es\/en\/wp-json\/wp\/v2\/posts\/2790","targetHints":{"allow":["GET"]}}],"collection":[{"href":"https:\/\/academiaimecat.es\/en\/wp-json\/wp\/v2\/posts"}],"about":[{"href":"https:\/\/academiaimecat.es\/en\/wp-json\/wp\/v2\/types\/post"}],"author":[{"embeddable":true,"href":"https:\/\/academiaimecat.es\/en\/wp-json\/wp\/v2\/users\/7"}],"replies":[{"embeddable":true,"href":"https:\/\/academiaimecat.es\/en\/wp-json\/wp\/v2\/comments?post=2790"}],"version-history":[{"count":1,"href":"https:\/\/academiaimecat.es\/en\/wp-json\/wp\/v2\/posts\/2790\/revisions"}],"predecessor-version":[{"id":2793,"href":"https:\/\/academiaimecat.es\/en\/wp-json\/wp\/v2\/posts\/2790\/revisions\/2793"}],"wp:featuredmedia":[{"embeddable":true,"href":"https:\/\/academiaimecat.es\/en\/wp-json\/wp\/v2\/media\/2792"}],"wp:attachment":[{"href":"https:\/\/academiaimecat.es\/en\/wp-json\/wp\/v2\/media?parent=2790"}],"wp:term":[{"taxonomy":"category","embeddable":true,"href":"https:\/\/academiaimecat.es\/en\/wp-json\/wp\/v2\/categories?post=2790"},{"taxonomy":"post_tag","embeddable":true,"href":"https:\/\/academiaimecat.es\/en\/wp-json\/wp\/v2\/tags?post=2790"}],"curies":[{"name":"wp","href":"https:\/\/api.w.org\/{rel}","templated":true}]}}