{"id":863,"date":"2019-05-10T09:44:58","date_gmt":"2019-05-10T09:44:58","guid":{"rendered":"https:\/\/academiaimecat.es\/?p=863"},"modified":"2026-06-15T14:49:12","modified_gmt":"2026-06-15T14:49:12","slug":"thank-you-saint-andreu","status":"publish","type":"post","link":"https:\/\/academiaimecat.es\/en\/gracias-sant-andreu\/","title":{"rendered":"THANK YOU SANT ANDREU!!"},"content":{"rendered":"<p>Imecat, in its&nbsp;<strong>40th anniversary<\/strong>, receive the&nbsp;<strong>business merit medal&nbsp;<\/strong>in recognition of his long professional career in the teaching and computer services sector.<\/p>\n\n\n\n<p>From this small entry we give&nbsp;<strong>thank you<\/strong>&nbsp;to the entire professional team, to clients, to the people and to all the people who have trusted us, who make it possible for us to face new challenges every day with enthusiasm and dedication and for the constant effort and work to be worth it. THANK YOU!<\/p>","protected":false},"excerpt":{"rendered":"<p>Imecat, en su&nbsp;40\u00ba aniversario, recibe la&nbsp;medalla al m\u00e9rito empresarial&nbsp;en reconocimiento a su larga trayectoria profesional en el sector de la ense\u00f1anza y servicios inform\u00e1ticos. Desde esta peque\u00f1a entrada damos&nbsp;gracias&nbsp;a todo el equipo profesional, a clientes, al pueblo y a todas las personas que han confiado en nosotros, que hacen posible que cada d\u00eda afrontemos con [&hellip;]<\/p>\n","protected":false},"author":3,"featured_media":864,"comment_status":"open","ping_status":"open","sticky":false,"template":"","format":"standard","meta":{"footnotes":""},"categories":[10],"tags":[],"class_list":["post-863","post","type-post","status-publish","format-standard","has-post-thumbnail","hentry","category-noticias"],"_links":{"self":[{"href":"https:\/\/academiaimecat.es\/en\/wp-json\/wp\/v2\/posts\/863","targetHints":{"allow":["GET"]}}],"collection":[{"href":"https:\/\/academiaimecat.es\/en\/wp-json\/wp\/v2\/posts"}],"about":[{"href":"https:\/\/academiaimecat.es\/en\/wp-json\/wp\/v2\/types\/post"}],"author":[{"embeddable":true,"href":"https:\/\/academiaimecat.es\/en\/wp-json\/wp\/v2\/users\/3"}],"replies":[{"embeddable":true,"href":"https:\/\/academiaimecat.es\/en\/wp-json\/wp\/v2\/comments?post=863"}],"version-history":[{"count":1,"href":"https:\/\/academiaimecat.es\/en\/wp-json\/wp\/v2\/posts\/863\/revisions"}],"predecessor-version":[{"id":865,"href":"https:\/\/academiaimecat.es\/en\/wp-json\/wp\/v2\/posts\/863\/revisions\/865"}],"wp:featuredmedia":[{"embeddable":true,"href":"https:\/\/academiaimecat.es\/en\/wp-json\/wp\/v2\/media\/864"}],"wp:attachment":[{"href":"https:\/\/academiaimecat.es\/en\/wp-json\/wp\/v2\/media?parent=863"}],"wp:term":[{"taxonomy":"category","embeddable":true,"href":"https:\/\/academiaimecat.es\/en\/wp-json\/wp\/v2\/categories?post=863"},{"taxonomy":"post_tag","embeddable":true,"href":"https:\/\/academiaimecat.es\/en\/wp-json\/wp\/v2\/tags?post=863"}],"curies":[{"name":"wp","href":"https:\/\/api.w.org\/{rel}","templated":true}]}}